{"id":8344,"date":"2020-07-10T07:43:43","date_gmt":"2020-07-10T07:43:43","guid":{"rendered":"https:\/\/www.royaldubrovnik.com\/non-classifiee\/sir-tom-jones-se-representera-a-dubrovnik-a-lete-2019\/"},"modified":"2020-07-10T07:43:43","modified_gmt":"2020-07-10T07:43:43","slug":"sir-tom-jones-se-representera-a-dubrovnik-a-lete-2019","status":"publish","type":"post","link":"https:\/\/www.royaldubrovnik.com\/fr\/nouvelles-pertinentes\/sir-tom-jones-se-representera-a-dubrovnik-a-lete-2019\/","title":{"rendered":"Sir Tom Jones se repr\u00e9sentera \u00e0 Dubrovnik a l&rsquo;\u00e9t\u00e9 2019."},"content":{"rendered":"\n<p>\u00c0 l\u2019occasion du 70e anniversaire des jeux d\u2019\u00e9t\u00e9 de Dubrovnik, la ville de Dubrovnik sera le coorganisateur du concert du l\u00e9gendaire Tom Jones. Sir Jones se repr\u00e9sentera le 1er juillet sur le Stradun, la principale promenade de Dubrovnik. Ce chanteur, qui est l\u2019un des interpr\u00e8tes les plus populaires de l\u2019industrie musicale, a sorti plus de 41 albums musicaux, 25 albums vid\u00e9o, 5 albums en live et 16 compilations.&#13;\nPour en savoir plus sur les autres \u00e9v\u00e9nements organis\u00e9s \u00e0 Dubrovnik, consultez le site de l\u2019office de tourisme de la ville de Dubrovnik : https:\/\/www.tzdubrovnik.hr\/lang\/en\/news\/dogadjanja\/index.html<\/p>\n\n<p><\/p>\n","protected":false},"excerpt":{"rendered":"<p>\u00c0 l\u2019occasion du 70e anniversaire des jeux d\u2019\u00e9t\u00e9 de Dubrovnik, la ville de Dubrovnik sera le coorganisateur du concert du l\u00e9gendaire Tom Jones. Sir Jones se repr\u00e9sentera le 1er juillet sur le Stradun, la principale promenade de Dubrovnik. Ce chanteur, qui est l\u2019un des interpr\u00e8tes les plus populaires de l\u2019industrie musicale, a sorti plus de [&hellip;]<\/p>\n","protected":false},"author":1,"featured_media":5947,"comment_status":"open","ping_status":"open","sticky":false,"template":"","format":"standard","meta":{"_joinchat":[],"footnotes":""},"categories":[146],"tags":[],"class_list":["post-8344","post","type-post","status-publish","format-standard","has-post-thumbnail","hentry","category-nouvelles-pertinentes"],"yoast_head":"<!-- This site is optimized with the Yoast SEO Premium plugin v27.3 (Yoast SEO v27.4) - https:\/\/yoast.com\/product\/yoast-seo-premium-wordpress\/ -->\n<title>Sir Tom Jones se repr\u00e9sentera \u00e0 Dubrovnik a l&#039;\u00e9t\u00e9 2019. - Royal Dubrovnik Resort &amp; Hotels<\/title>\n<meta name=\"robots\" content=\"index, follow, max-snippet:-1, max-image-preview:large, max-video-preview:-1\" \/>\n<link rel=\"canonical\" href=\"https:\/\/www.royaldubrovnik.com\/fr\/nouvelles-pertinentes\/sir-tom-jones-se-representera-a-dubrovnik-a-lete-2019\/\" \/>\n<meta property=\"og:locale\" content=\"fr_FR\" \/>\n<meta property=\"og:type\" content=\"article\" \/>\n<meta property=\"og:title\" content=\"Sir Tom Jones se repr\u00e9sentera \u00e0 Dubrovnik a l&#039;\u00e9t\u00e9 2019.\" \/>\n<meta property=\"og:description\" content=\"\u00c0 l\u2019occasion du 70e anniversaire des jeux d\u2019\u00e9t\u00e9 de Dubrovnik, la ville de Dubrovnik sera le coorganisateur du concert du l\u00e9gendaire Tom Jones. Sir Jones se repr\u00e9sentera le 1er juillet sur le Stradun, la principale promenade de Dubrovnik. Ce chanteur, qui est l\u2019un des interpr\u00e8tes les plus populaires de l\u2019industrie musicale, a sorti plus de [&hellip;]\" \/>\n<meta property=\"og:url\" content=\"https:\/\/www.royaldubrovnik.com\/fr\/nouvelles-pertinentes\/sir-tom-jones-se-representera-a-dubrovnik-a-lete-2019\/\" \/>\n<meta property=\"og:site_name\" content=\"Royal Dubrovnik Resort &amp; Hotels\" \/>\n<meta property=\"article:published_time\" content=\"2020-07-10T07:43:43+00:00\" \/>\n<meta property=\"og:image\" content=\"https:\/\/www.royaldubrovnik.com\/wp-content\/uploads\/2020\/04\/PIC@2x.jpg\" \/>\n\t<meta property=\"og:image:width\" content=\"740\" \/>\n\t<meta property=\"og:image:height\" content=\"560\" \/>\n\t<meta property=\"og:image:type\" content=\"image\/jpeg\" \/>\n<meta name=\"author\" content=\"klikeri\" \/>\n<meta name=\"twitter:card\" content=\"summary_large_image\" \/>\n<meta name=\"twitter:label1\" content=\"\u00c9crit par\" \/>\n\t<meta name=\"twitter:data1\" content=\"klikeri\" \/>\n\t<meta name=\"twitter:label2\" content=\"Dur\u00e9e de lecture estim\u00e9e\" \/>\n\t<meta name=\"twitter:data2\" content=\"1 minute\" \/>\n<script type=\"application\/ld+json\" class=\"yoast-schema-graph\">{\"@context\":\"https:\\\/\\\/schema.org\",\"@graph\":[{\"@type\":\"Article\",\"@id\":\"https:\\\/\\\/www.royaldubrovnik.com\\\/fr\\\/nouvelles-pertinentes\\\/sir-tom-jones-se-representera-a-dubrovnik-a-lete-2019\\\/#article\",\"isPartOf\":{\"@id\":\"https:\\\/\\\/www.royaldubrovnik.com\\\/fr\\\/nouvelles-pertinentes\\\/sir-tom-jones-se-representera-a-dubrovnik-a-lete-2019\\\/\"},\"author\":{\"name\":\"klikeri\",\"@id\":\"https:\\\/\\\/www.royaldubrovnik.com\\\/fr\\\/#\\\/schema\\\/person\\\/167ed7e5e43bc6e13598bb73f39cc95d\"},\"headline\":\"Sir Tom Jones se repr\u00e9sentera \u00e0 Dubrovnik a l&rsquo;\u00e9t\u00e9 2019.\",\"datePublished\":\"2020-07-10T07:43:43+00:00\",\"mainEntityOfPage\":{\"@id\":\"https:\\\/\\\/www.royaldubrovnik.com\\\/fr\\\/nouvelles-pertinentes\\\/sir-tom-jones-se-representera-a-dubrovnik-a-lete-2019\\\/\"},\"wordCount\":116,\"commentCount\":0,\"image\":{\"@id\":\"https:\\\/\\\/www.royaldubrovnik.com\\\/fr\\\/nouvelles-pertinentes\\\/sir-tom-jones-se-representera-a-dubrovnik-a-lete-2019\\\/#primaryimage\"},\"thumbnailUrl\":\"https:\\\/\\\/www.royaldubrovnik.com\\\/wp-content\\\/uploads\\\/2020\\\/04\\\/PIC@2x.jpg\",\"articleSection\":[\"Nouvelles pertinentes\"],\"inLanguage\":\"fr-FR\",\"potentialAction\":[{\"@type\":\"CommentAction\",\"name\":\"Comment\",\"target\":[\"https:\\\/\\\/www.royaldubrovnik.com\\\/fr\\\/nouvelles-pertinentes\\\/sir-tom-jones-se-representera-a-dubrovnik-a-lete-2019\\\/#respond\"]}]},{\"@type\":\"WebPage\",\"@id\":\"https:\\\/\\\/www.royaldubrovnik.com\\\/fr\\\/nouvelles-pertinentes\\\/sir-tom-jones-se-representera-a-dubrovnik-a-lete-2019\\\/\",\"url\":\"https:\\\/\\\/www.royaldubrovnik.com\\\/fr\\\/nouvelles-pertinentes\\\/sir-tom-jones-se-representera-a-dubrovnik-a-lete-2019\\\/\",\"name\":\"Sir Tom Jones se repr\u00e9sentera \u00e0 Dubrovnik a l'\u00e9t\u00e9 2019. - Royal Dubrovnik Resort &amp; Hotels\",\"isPartOf\":{\"@id\":\"https:\\\/\\\/www.royaldubrovnik.com\\\/fr\\\/#website\"},\"primaryImageOfPage\":{\"@id\":\"https:\\\/\\\/www.royaldubrovnik.com\\\/fr\\\/nouvelles-pertinentes\\\/sir-tom-jones-se-representera-a-dubrovnik-a-lete-2019\\\/#primaryimage\"},\"image\":{\"@id\":\"https:\\\/\\\/www.royaldubrovnik.com\\\/fr\\\/nouvelles-pertinentes\\\/sir-tom-jones-se-representera-a-dubrovnik-a-lete-2019\\\/#primaryimage\"},\"thumbnailUrl\":\"https:\\\/\\\/www.royaldubrovnik.com\\\/wp-content\\\/uploads\\\/2020\\\/04\\\/PIC@2x.jpg\",\"datePublished\":\"2020-07-10T07:43:43+00:00\",\"author\":{\"@id\":\"https:\\\/\\\/www.royaldubrovnik.com\\\/fr\\\/#\\\/schema\\\/person\\\/167ed7e5e43bc6e13598bb73f39cc95d\"},\"breadcrumb\":{\"@id\":\"https:\\\/\\\/www.royaldubrovnik.com\\\/fr\\\/nouvelles-pertinentes\\\/sir-tom-jones-se-representera-a-dubrovnik-a-lete-2019\\\/#breadcrumb\"},\"inLanguage\":\"fr-FR\",\"potentialAction\":[{\"@type\":\"ReadAction\",\"target\":[\"https:\\\/\\\/www.royaldubrovnik.com\\\/fr\\\/nouvelles-pertinentes\\\/sir-tom-jones-se-representera-a-dubrovnik-a-lete-2019\\\/\"]}]},{\"@type\":\"ImageObject\",\"inLanguage\":\"fr-FR\",\"@id\":\"https:\\\/\\\/www.royaldubrovnik.com\\\/fr\\\/nouvelles-pertinentes\\\/sir-tom-jones-se-representera-a-dubrovnik-a-lete-2019\\\/#primaryimage\",\"url\":\"https:\\\/\\\/www.royaldubrovnik.com\\\/wp-content\\\/uploads\\\/2020\\\/04\\\/PIC@2x.jpg\",\"contentUrl\":\"https:\\\/\\\/www.royaldubrovnik.com\\\/wp-content\\\/uploads\\\/2020\\\/04\\\/PIC@2x.jpg\",\"width\":740,\"height\":560},{\"@type\":\"BreadcrumbList\",\"@id\":\"https:\\\/\\\/www.royaldubrovnik.com\\\/fr\\\/nouvelles-pertinentes\\\/sir-tom-jones-se-representera-a-dubrovnik-a-lete-2019\\\/#breadcrumb\",\"itemListElement\":[{\"@type\":\"ListItem\",\"position\":1,\"name\":\"Home\",\"item\":\"https:\\\/\\\/www.royaldubrovnik.com\\\/fr\\\/home\\\/\"},{\"@type\":\"ListItem\",\"position\":2,\"name\":\"Sir Tom Jones se repr\u00e9sentera \u00e0 Dubrovnik a l&#8217;\u00e9t\u00e9 2019.\"}]},{\"@type\":\"WebSite\",\"@id\":\"https:\\\/\\\/www.royaldubrovnik.com\\\/fr\\\/#website\",\"url\":\"https:\\\/\\\/www.royaldubrovnik.com\\\/fr\\\/\",\"name\":\"Royal Dubrovnik Resort &amp; Hotels\",\"description\":\"Royal Dubrovnik Resort &amp; Hotels\",\"potentialAction\":[{\"@type\":\"SearchAction\",\"target\":{\"@type\":\"EntryPoint\",\"urlTemplate\":\"https:\\\/\\\/www.royaldubrovnik.com\\\/fr\\\/?s={search_term_string}\"},\"query-input\":{\"@type\":\"PropertyValueSpecification\",\"valueRequired\":true,\"valueName\":\"search_term_string\"}}],\"inLanguage\":\"fr-FR\"},{\"@type\":\"Person\",\"@id\":\"https:\\\/\\\/www.royaldubrovnik.com\\\/fr\\\/#\\\/schema\\\/person\\\/167ed7e5e43bc6e13598bb73f39cc95d\",\"name\":\"klikeri\",\"image\":{\"@type\":\"ImageObject\",\"inLanguage\":\"fr-FR\",\"@id\":\"https:\\\/\\\/secure.gravatar.com\\\/avatar\\\/81784404ff87ccb58808b77c2e17a6052f493785173af4d08c3f119ce5351a20?s=96&d=mm&r=g\",\"url\":\"https:\\\/\\\/secure.gravatar.com\\\/avatar\\\/81784404ff87ccb58808b77c2e17a6052f493785173af4d08c3f119ce5351a20?s=96&d=mm&r=g\",\"contentUrl\":\"https:\\\/\\\/secure.gravatar.com\\\/avatar\\\/81784404ff87ccb58808b77c2e17a6052f493785173af4d08c3f119ce5351a20?s=96&d=mm&r=g\",\"caption\":\"klikeri\"}}]}<\/script>\n<!-- \/ Yoast SEO Premium plugin. -->","yoast_head_json":{"title":"Sir Tom Jones se repr\u00e9sentera \u00e0 Dubrovnik a l'\u00e9t\u00e9 2019. - Royal Dubrovnik Resort &amp; Hotels","robots":{"index":"index","follow":"follow","max-snippet":"max-snippet:-1","max-image-preview":"max-image-preview:large","max-video-preview":"max-video-preview:-1"},"canonical":"https:\/\/www.royaldubrovnik.com\/fr\/nouvelles-pertinentes\/sir-tom-jones-se-representera-a-dubrovnik-a-lete-2019\/","og_locale":"fr_FR","og_type":"article","og_title":"Sir Tom Jones se repr\u00e9sentera \u00e0 Dubrovnik a l'\u00e9t\u00e9 2019.","og_description":"\u00c0 l\u2019occasion du 70e anniversaire des jeux d\u2019\u00e9t\u00e9 de Dubrovnik, la ville de Dubrovnik sera le coorganisateur du concert du l\u00e9gendaire Tom Jones. Sir Jones se repr\u00e9sentera le 1er juillet sur le Stradun, la principale promenade de Dubrovnik. Ce chanteur, qui est l\u2019un des interpr\u00e8tes les plus populaires de l\u2019industrie musicale, a sorti plus de [&hellip;]","og_url":"https:\/\/www.royaldubrovnik.com\/fr\/nouvelles-pertinentes\/sir-tom-jones-se-representera-a-dubrovnik-a-lete-2019\/","og_site_name":"Royal Dubrovnik Resort &amp; Hotels","article_published_time":"2020-07-10T07:43:43+00:00","og_image":[{"width":740,"height":560,"url":"https:\/\/www.royaldubrovnik.com\/wp-content\/uploads\/2020\/04\/PIC@2x.jpg","type":"image\/jpeg"}],"author":"klikeri","twitter_card":"summary_large_image","twitter_misc":{"\u00c9crit par":"klikeri","Dur\u00e9e de lecture estim\u00e9e":"1 minute"},"schema":{"@context":"https:\/\/schema.org","@graph":[{"@type":"Article","@id":"https:\/\/www.royaldubrovnik.com\/fr\/nouvelles-pertinentes\/sir-tom-jones-se-representera-a-dubrovnik-a-lete-2019\/#article","isPartOf":{"@id":"https:\/\/www.royaldubrovnik.com\/fr\/nouvelles-pertinentes\/sir-tom-jones-se-representera-a-dubrovnik-a-lete-2019\/"},"author":{"name":"klikeri","@id":"https:\/\/www.royaldubrovnik.com\/fr\/#\/schema\/person\/167ed7e5e43bc6e13598bb73f39cc95d"},"headline":"Sir Tom Jones se repr\u00e9sentera \u00e0 Dubrovnik a l&rsquo;\u00e9t\u00e9 2019.","datePublished":"2020-07-10T07:43:43+00:00","mainEntityOfPage":{"@id":"https:\/\/www.royaldubrovnik.com\/fr\/nouvelles-pertinentes\/sir-tom-jones-se-representera-a-dubrovnik-a-lete-2019\/"},"wordCount":116,"commentCount":0,"image":{"@id":"https:\/\/www.royaldubrovnik.com\/fr\/nouvelles-pertinentes\/sir-tom-jones-se-representera-a-dubrovnik-a-lete-2019\/#primaryimage"},"thumbnailUrl":"https:\/\/www.royaldubrovnik.com\/wp-content\/uploads\/2020\/04\/PIC@2x.jpg","articleSection":["Nouvelles pertinentes"],"inLanguage":"fr-FR","potentialAction":[{"@type":"CommentAction","name":"Comment","target":["https:\/\/www.royaldubrovnik.com\/fr\/nouvelles-pertinentes\/sir-tom-jones-se-representera-a-dubrovnik-a-lete-2019\/#respond"]}]},{"@type":"WebPage","@id":"https:\/\/www.royaldubrovnik.com\/fr\/nouvelles-pertinentes\/sir-tom-jones-se-representera-a-dubrovnik-a-lete-2019\/","url":"https:\/\/www.royaldubrovnik.com\/fr\/nouvelles-pertinentes\/sir-tom-jones-se-representera-a-dubrovnik-a-lete-2019\/","name":"Sir Tom Jones se repr\u00e9sentera \u00e0 Dubrovnik a l'\u00e9t\u00e9 2019. - Royal Dubrovnik Resort &amp; Hotels","isPartOf":{"@id":"https:\/\/www.royaldubrovnik.com\/fr\/#website"},"primaryImageOfPage":{"@id":"https:\/\/www.royaldubrovnik.com\/fr\/nouvelles-pertinentes\/sir-tom-jones-se-representera-a-dubrovnik-a-lete-2019\/#primaryimage"},"image":{"@id":"https:\/\/www.royaldubrovnik.com\/fr\/nouvelles-pertinentes\/sir-tom-jones-se-representera-a-dubrovnik-a-lete-2019\/#primaryimage"},"thumbnailUrl":"https:\/\/www.royaldubrovnik.com\/wp-content\/uploads\/2020\/04\/PIC@2x.jpg","datePublished":"2020-07-10T07:43:43+00:00","author":{"@id":"https:\/\/www.royaldubrovnik.com\/fr\/#\/schema\/person\/167ed7e5e43bc6e13598bb73f39cc95d"},"breadcrumb":{"@id":"https:\/\/www.royaldubrovnik.com\/fr\/nouvelles-pertinentes\/sir-tom-jones-se-representera-a-dubrovnik-a-lete-2019\/#breadcrumb"},"inLanguage":"fr-FR","potentialAction":[{"@type":"ReadAction","target":["https:\/\/www.royaldubrovnik.com\/fr\/nouvelles-pertinentes\/sir-tom-jones-se-representera-a-dubrovnik-a-lete-2019\/"]}]},{"@type":"ImageObject","inLanguage":"fr-FR","@id":"https:\/\/www.royaldubrovnik.com\/fr\/nouvelles-pertinentes\/sir-tom-jones-se-representera-a-dubrovnik-a-lete-2019\/#primaryimage","url":"https:\/\/www.royaldubrovnik.com\/wp-content\/uploads\/2020\/04\/PIC@2x.jpg","contentUrl":"https:\/\/www.royaldubrovnik.com\/wp-content\/uploads\/2020\/04\/PIC@2x.jpg","width":740,"height":560},{"@type":"BreadcrumbList","@id":"https:\/\/www.royaldubrovnik.com\/fr\/nouvelles-pertinentes\/sir-tom-jones-se-representera-a-dubrovnik-a-lete-2019\/#breadcrumb","itemListElement":[{"@type":"ListItem","position":1,"name":"Home","item":"https:\/\/www.royaldubrovnik.com\/fr\/home\/"},{"@type":"ListItem","position":2,"name":"Sir Tom Jones se repr\u00e9sentera \u00e0 Dubrovnik a l&#8217;\u00e9t\u00e9 2019."}]},{"@type":"WebSite","@id":"https:\/\/www.royaldubrovnik.com\/fr\/#website","url":"https:\/\/www.royaldubrovnik.com\/fr\/","name":"Royal Dubrovnik Resort &amp; Hotels","description":"Royal Dubrovnik Resort &amp; Hotels","potentialAction":[{"@type":"SearchAction","target":{"@type":"EntryPoint","urlTemplate":"https:\/\/www.royaldubrovnik.com\/fr\/?s={search_term_string}"},"query-input":{"@type":"PropertyValueSpecification","valueRequired":true,"valueName":"search_term_string"}}],"inLanguage":"fr-FR"},{"@type":"Person","@id":"https:\/\/www.royaldubrovnik.com\/fr\/#\/schema\/person\/167ed7e5e43bc6e13598bb73f39cc95d","name":"klikeri","image":{"@type":"ImageObject","inLanguage":"fr-FR","@id":"https:\/\/secure.gravatar.com\/avatar\/81784404ff87ccb58808b77c2e17a6052f493785173af4d08c3f119ce5351a20?s=96&d=mm&r=g","url":"https:\/\/secure.gravatar.com\/avatar\/81784404ff87ccb58808b77c2e17a6052f493785173af4d08c3f119ce5351a20?s=96&d=mm&r=g","contentUrl":"https:\/\/secure.gravatar.com\/avatar\/81784404ff87ccb58808b77c2e17a6052f493785173af4d08c3f119ce5351a20?s=96&d=mm&r=g","caption":"klikeri"}}]}},"_links":{"self":[{"href":"https:\/\/www.royaldubrovnik.com\/fr\/wp-json\/wp\/v2\/posts\/8344","targetHints":{"allow":["GET"]}}],"collection":[{"href":"https:\/\/www.royaldubrovnik.com\/fr\/wp-json\/wp\/v2\/posts"}],"about":[{"href":"https:\/\/www.royaldubrovnik.com\/fr\/wp-json\/wp\/v2\/types\/post"}],"author":[{"embeddable":true,"href":"https:\/\/www.royaldubrovnik.com\/fr\/wp-json\/wp\/v2\/users\/1"}],"replies":[{"embeddable":true,"href":"https:\/\/www.royaldubrovnik.com\/fr\/wp-json\/wp\/v2\/comments?post=8344"}],"version-history":[{"count":0,"href":"https:\/\/www.royaldubrovnik.com\/fr\/wp-json\/wp\/v2\/posts\/8344\/revisions"}],"wp:featuredmedia":[{"embeddable":true,"href":"https:\/\/www.royaldubrovnik.com\/fr\/wp-json\/wp\/v2\/media\/5947"}],"wp:attachment":[{"href":"https:\/\/www.royaldubrovnik.com\/fr\/wp-json\/wp\/v2\/media?parent=8344"}],"wp:term":[{"taxonomy":"category","embeddable":true,"href":"https:\/\/www.royaldubrovnik.com\/fr\/wp-json\/wp\/v2\/categories?post=8344"},{"taxonomy":"post_tag","embeddable":true,"href":"https:\/\/www.royaldubrovnik.com\/fr\/wp-json\/wp\/v2\/tags?post=8344"}],"curies":[{"name":"wp","href":"https:\/\/api.w.org\/{rel}","templated":true}]}}